{"id":899,"date":"2025-10-02T11:33:45","date_gmt":"2025-10-02T09:33:45","guid":{"rendered":"https:\/\/adpr.ro\/?p=899"},"modified":"2025-10-02T11:34:26","modified_gmt":"2025-10-02T09:34:26","slug":"anunt-achizitie-nr-26-20-08-2024","status":"publish","type":"post","link":"https:\/\/adpr.ro\/index.php\/2025\/10\/02\/anunt-achizitie-nr-26-20-08-2024\/","title":{"rendered":"ANUN\u021a ACHIZI\u021aIE &#8211; Nr. 26\/20.08.2024"},"content":{"rendered":"\t\t<div data-elementor-type=\"wp-post\" data-elementor-id=\"899\" class=\"elementor elementor-899\" data-elementor-settings=\"[]\">\n\t\t\t\t\t\t<div class=\"elementor-inner\">\n\t\t\t\t\t\t\t<div class=\"elementor-section-wrap\">\n\t\t\t\t\t\t\t<section class=\"elementor-section elementor-top-section elementor-element elementor-element-0cde7ec elementor-section-boxed elementor-section-height-default elementor-section-height-default\" data-id=\"0cde7ec\" data-element_type=\"section\">\n\t\t\t\t\t\t<div class=\"elementor-container elementor-column-gap-default\">\n\t\t\t\t\t\t\t<div class=\"elementor-row\">\n\t\t\t\t\t<div class=\"elementor-column elementor-col-100 elementor-top-column elementor-element elementor-element-2ed163f\" data-id=\"2ed163f\" data-element_type=\"column\">\n\t\t\t<div class=\"elementor-column-wrap elementor-element-populated\">\n\t\t\t\t\t\t\t<div class=\"elementor-widget-wrap\">\n\t\t\t\t\t\t<div class=\"elementor-element elementor-element-9fe8477 elementor-widget elementor-widget-text-editor\" data-id=\"9fe8477\" data-element_type=\"widget\" data-widget_type=\"text-editor.default\">\n\t\t\t\t<div class=\"elementor-widget-container\">\n\t\t\t\t\t\t\t\t<div class=\"elementor-text-editor elementor-clearfix\">\n\t\t\t\t\t<p class=\"s4\"><span class=\"s2\">ASOCIA\u021aIA PENTRU DEZVOLTAREA \u0218I PROTEC\u021aIA REGIONAL\u0102 (ADPR)<\/span><br \/>CUI: 33349857<br \/>E-mail: asociatiaadpr2014@gmail.com<\/p><p class=\"s4\">Nr. 26\/20.08.2024<\/p><p class=\"s5\"><span class=\"s2\">Program de finan\u021bare<\/span><\/p><p class=\"s4\"><span class=\"s2\">Programul Educa\u021bie \u0219i Ocupare 2021\u20132027<\/span><\/p><div class=\"s7\"><span class=\"s6\">\u2022 <\/span><span class=\"s2\">Prioritate<\/span>: P09 \u2013 \u201eConsolidarea particip\u0103rii popula\u021biei \u00een procesul de \u00eenv\u0103\u021bare pe tot parcursul vie\u021bii pentru facilitarea tranzi\u021biilor \u0219i a mobilit\u0103\u021bii\u201d<\/div><div class=\"s7\"><span class=\"s6\">\u2022 <\/span><span class=\"s2\">Obiectiv specific<\/span>: ESO4.7 \u2013 Promovarea \u00eenv\u0103\u021b\u0103rii continue, prin programe flexibile de actualizare a competen\u021belor \u0219i recalificare, cu accent pe abilit\u0103\u021bi digitale \u0219i antreprenoriale, adaptate cerin\u021belor pie\u021bei muncii.<\/div><div class=\"s7\"><span class=\"s6\">\u2022 <\/span><span class=\"s2\">M\u0103sura<\/span>: 9.g.7 \u2013 Implementarea programului \u201eCompeten\u021be digitale pentru pia\u021ba muncii\u201d<\/div><div class=\"s7\"><span class=\"s6\">\u2022 <\/span><span class=\"s2\">Apel<\/span>: Competen\u021be digitale pentru pia\u021ba muncii \u2013 Regiuni mai pu\u021bin dezvoltate<\/div><p class=\"s4\">\u00a0<\/p><p class=\"s5\"><span class=\"s2\">Obiectul achizi\u021biei<\/span><\/p><p class=\"s4\"><span class=\"s2\">Servicii de elaborare a analizei de nevoi ini\u021biale \u2013 Clasa CAEN 10<\/span><\/p><div class=\"s7\"><span class=\"s6\">\u2022 <\/span><span class=\"s2\">Tip contract<\/span>: Servicii<\/div><div class=\"s7\"><span class=\"s6\">\u2022 <\/span><span class=\"s2\">Cod CPV<\/span>: 71241000-9 \u2013 Studii de fezabilitate, consultan\u021b\u0103 \u0219i analize<\/div><div class=\"s7\"><span class=\"s6\">\u2022 <\/span><span class=\"s2\">\u00cemp\u0103r\u021bire pe loturi<\/span>: Nu<\/div><div class=\"s7\"><span class=\"s6\">\u2022 <\/span><span class=\"s2\">Valoare estimat\u0103<\/span>: 80.000 lei (f\u0103r\u0103 TVA)<\/div><p class=\"s4\">Pre\u021bul men\u021bionat include \u0219i actualizarea\/extinderea analizei ori de c\u00e2te ori va fi necesar pe durata implement\u0103rii proiectului.<\/p><p class=\"s5\"><span class=\"s2\">Descrierea serviciilor solicitate<\/span><\/p><p class=\"s4\">Analiza de nevoi va sta la baza proiect\u0103rii \u0219i implement\u0103rii programelor de formare profesional\u0103 destinate grupului \u021bint\u0103 \u0219i va cuprinde:<\/p><div class=\"s7\"><span class=\"s6\">\u2022 <\/span>Evaluarea nivelului competen\u021belor digitale ale angaja\u021bilor eligibili din Regiunea Centru, jude\u021bul Alba;<\/div><div class=\"s7\"><span class=\"s6\">\u2022 <\/span>Identificarea domeniilor economice relevante;<\/div><div class=\"s7\"><span class=\"s6\">\u2022 <\/span>Analiza unui num\u0103r minim de 20 agen\u021bi economici\/jude\u021b, prin aplicarea de chestionare;<\/div><div class=\"s7\"><span class=\"s6\">\u2022 <\/span>Estimarea locurilor de munc\u0103 disponibile;<\/div><div class=\"s7\"><span class=\"s6\">\u2022 <\/span>Definirea competen\u021belor digitale necesare pentru ocuparea posturilor vacante;<\/div><div class=\"s7\"><span class=\"s6\">\u2022 <\/span>Recomandarea de programe de formare profesional\u0103 adecvate pentru dob\u00e2ndirea acestor competen\u021be.<\/div><p class=\"s4\">Analiza va fi realizat\u0103 at\u00e2t la nivelul angajatorilor, c\u00e2t \u0219i al angaja\u021bilor, utiliz\u00e2nd instrumente de colectare a datelor, \u00een conformitate cu cerin\u021bele din Ghidul Solicitantului.<\/p><p class=\"s4\">\u00a0<\/p><p class=\"s5\"><span class=\"s2\">Condi\u021bii contractuale<\/span><\/p><div class=\"s7\"><span class=\"s6\">\u2022 <\/span><span class=\"s2\">Perioada de prestare a serviciilor<\/span>: de la data semn\u0103rii contractului p\u00e2n\u0103 cel t\u00e2rziu la 10.10.2024;<\/div><div class=\"s7\"><span class=\"s6\">\u2022 <\/span><span class=\"s2\">Condi\u021bii de plat\u0103<\/span>: pe baza facturii \u0219i procesului-verbal de recep\u021bie, \u00een termen de maximum 30 zile de la emiterea facturii;<\/div><div class=\"s7\"><span class=\"s6\">\u2022 <\/span><span class=\"s2\">Transmiterea ofertelor<\/span>: p\u00e2n\u0103 la data de 10.09.2024, ora 16:00, pe e-mail la asociatiaadpr2014@gmail.com.<\/div><p class=\"s4\">\u00a0<\/p><p class=\"s4\"><span class=\"s2\">V\u0103 mul\u021bumim pentru interesul acordat \u0219i a\u0219tept\u0103m cu interes ofertele dumneavoastr\u0103!<\/span><\/p>\t\t\t\t\t<\/div>\n\t\t\t\t\t\t<\/div>\n\t\t\t\t<\/div>\n\t\t\t\t\t\t<\/div>\n\t\t\t\t\t<\/div>\n\t\t<\/div>\n\t\t\t\t\t\t\t\t<\/div>\n\t\t\t\t\t<\/div>\n\t\t<\/section>\n\t\t\t\t\t\t<\/div>\n\t\t\t\t\t\t<\/div>\n\t\t\t\t\t<\/div>\n\t\t","protected":false},"excerpt":{"rendered":"<p>ASOCIA\u021aIA PENTRU DEZVOLTAREA \u0218I PROTEC\u021aIA REGIONAL\u0102 (ADPR)CUI: 33349857E-mail: asociatiaadpr2014@gmail.com Nr. 26\/20.08.2024 Program de finan\u021bare Programul Educa\u021bie \u0219i Ocupare 2021\u20132027 \u2022 Prioritate: P09 \u2013 \u201eConsolidarea particip\u0103rii popula\u021biei \u00een procesul de \u00eenv\u0103\u021bare pe tot parcursul vie\u021bii pentru facilitarea tranzi\u021biilor \u0219i a mobilit\u0103\u021bii\u201d\u2022 Obiectiv specific: ESO4.7 \u2013 Promovarea \u00eenv\u0103\u021b\u0103rii continue, prin programe flexibile de actualizare a competen\u021belor \u0219i &hellip;<\/p>\n<p class=\"read-more\"> <a class=\"\" href=\"https:\/\/adpr.ro\/index.php\/2025\/10\/02\/anunt-achizitie-nr-26-20-08-2024\/\"> <span class=\"screen-reader-text\">ANUN\u021a ACHIZI\u021aIE &#8211; Nr. 26\/20.08.2024<\/span> Read More &raquo;<\/a><\/p>\n","protected":false},"author":1,"featured_media":0,"comment_status":"open","ping_status":"open","sticky":false,"template":"","format":"standard","meta":[],"categories":[1],"tags":[],"_links":{"self":[{"href":"https:\/\/adpr.ro\/index.php\/wp-json\/wp\/v2\/posts\/899"}],"collection":[{"href":"https:\/\/adpr.ro\/index.php\/wp-json\/wp\/v2\/posts"}],"about":[{"href":"https:\/\/adpr.ro\/index.php\/wp-json\/wp\/v2\/types\/post"}],"author":[{"embeddable":true,"href":"https:\/\/adpr.ro\/index.php\/wp-json\/wp\/v2\/users\/1"}],"replies":[{"embeddable":true,"href":"https:\/\/adpr.ro\/index.php\/wp-json\/wp\/v2\/comments?post=899"}],"version-history":[{"count":4,"href":"https:\/\/adpr.ro\/index.php\/wp-json\/wp\/v2\/posts\/899\/revisions"}],"predecessor-version":[{"id":903,"href":"https:\/\/adpr.ro\/index.php\/wp-json\/wp\/v2\/posts\/899\/revisions\/903"}],"wp:attachment":[{"href":"https:\/\/adpr.ro\/index.php\/wp-json\/wp\/v2\/media?parent=899"}],"wp:term":[{"taxonomy":"category","embeddable":true,"href":"https:\/\/adpr.ro\/index.php\/wp-json\/wp\/v2\/categories?post=899"},{"taxonomy":"post_tag","embeddable":true,"href":"https:\/\/adpr.ro\/index.php\/wp-json\/wp\/v2\/tags?post=899"}],"curies":[{"name":"wp","href":"https:\/\/api.w.org\/{rel}","templated":true}]}}